{"id":1107,"date":"2026-02-25T13:44:38","date_gmt":"2026-02-25T12:44:38","guid":{"rendered":"https:\/\/lespapysprecieux.com\/?p=1107"},"modified":"2026-02-25T13:47:22","modified_gmt":"2026-02-25T12:47:22","slug":"les-papys-precieux-font-vibrer-vos-vendredis-decouvrez-tous-les-concerts-a-venir","status":"publish","type":"post","link":"https:\/\/lespapysprecieux.com\/index.php\/2026\/02\/25\/les-papys-precieux-font-vibrer-vos-vendredis-decouvrez-tous-les-concerts-a-venir\/","title":{"rendered":"Les Papys Pr\u00e9cieux font vibrer vos vendredis : d\u00e9couvrez tous les concerts \u00e0 venir !"},"content":{"rendered":"\n<p>Chez&nbsp;<strong>Les Papys Pr\u00e9cieux<\/strong>, la musique live s\u2019invite \u00e0 votre table et transforme chaque vendredi en v\u00e9ritable parenth\u00e8se festive et conviviale.<\/p>\n\n\n\n<p>Nous sommes heureux de vous d\u00e9voiler la programmation des prochaines dates \u00e0 ne pas manquer :<\/p>\n\n\n\n<p><strong>Vendredi 6 mars | Soir\u00e9e DJ | Entr\u00e9e payante<\/strong><br>Une ambiance plus rythm\u00e9e pour lancer le week-end comme il se doit ! Notre DJ vous pr\u00e9pare une s\u00e9lection festive pour faire monter la temp\u00e9rature tout au long de la soir\u00e9e.<\/p>\n\n\n\n<p><strong>Vendredi 13 mars | Saxophoniste en live | Entr\u00e9e libre<\/strong><br>Une atmosph\u00e8re \u00e9l\u00e9gante et envo\u00fbtante port\u00e9e par le son chaleureux du saxophone. Id\u00e9al pour un d\u00eener raffin\u00e9 ou un verre entre amis.<\/p>\n\n\n\n<p><strong>Vendredi 20 mars | Pianiste en live | Entr\u00e9e libre<\/strong><br>Lumi\u00e8res tamis\u00e9es, notes d\u00e9licates et ambiance feutr\u00e9e\u2026 Le piano accompagne votre repas pour un moment tout en douceur.<\/p>\n\n\n\n<p><strong>Vendredi 27 mars | Chanteuse en live | Entr\u00e9e libre<\/strong><br>Une voix captivante pour sublimer votre soir\u00e9e et partager un moment plein d\u2019\u00e9motion et de bonne humeur.<\/p>\n\n\n\n<p>Pour accompagner ces soir\u00e9es musicales, laissez-vous tenter par les d\u00e9licieux cocktails pr\u00e9par\u00e9s par notre talentueuse barmaid, ainsi que par nos tapas \u00e0 partager, parfaits pour un moment gourmand !<\/p>\n\n\n\n<p>Que ce soit en couple, entre amis ou simplement pour le plaisir de profiter d\u2019une belle ambiance musicale, chaque vendredi est une occasion de se retrouver chez Les Papys Pr\u00e9cieux.<\/p>\n\n\n\n<p>\ud83d\udcde\u00a0<strong>R\u00e9servations au 06 03 28 83 78<\/strong><\/p>\n\n\n\n<p>On vous attend nombreux pour c\u00e9l\u00e9brer la musique et la convivialit\u00e9 ! \ud83c\udfb7\ud83c\udfb9\ud83c\udfa4\ud83c\udfa7<\/p>\n\n\n\n<p><\/p>\n","protected":false},"excerpt":{"rendered":"<p>Chez&nbsp;Les Papys Pr\u00e9cieux, la musique live s\u2019invite \u00e0 votre table et transforme chaque vendredi en v\u00e9ritable parenth\u00e8se festive et conviviale. Nous sommes heureux de vous d\u00e9voiler la programmation des prochaines dates \u00e0 ne pas manquer : Vendredi 6 mars | Soir\u00e9e DJ | Entr\u00e9e payanteUne ambiance plus rythm\u00e9e pour lancer [&hellip;]<\/p>\n","protected":false},"author":1,"featured_media":0,"comment_status":"open","ping_status":"open","sticky":false,"template":"","format":"standard","meta":{"footnotes":""},"categories":[10],"tags":[],"class_list":["post-1107","post","type-post","status-publish","format-standard","hentry","category-lespapysracontent"],"yoast_head":"<!-- This site is optimized with the Yoast SEO plugin v27.3 - https:\/\/yoast.com\/product\/yoast-seo-wordpress\/ -->\n<title>Les Papys Pr\u00e9cieux font vibrer vos vendredis : d\u00e9couvrez tous les concerts \u00e0 venir ! -<\/title>\n<meta name=\"robots\" content=\"index, follow, max-snippet:-1, max-image-preview:large, max-video-preview:-1\" \/>\n<link rel=\"canonical\" href=\"https:\/\/lespapysprecieux.com\/index.php\/2026\/02\/25\/les-papys-precieux-font-vibrer-vos-vendredis-decouvrez-tous-les-concerts-a-venir\/\" \/>\n<meta property=\"og:locale\" content=\"fr_FR\" \/>\n<meta property=\"og:type\" content=\"article\" \/>\n<meta property=\"og:title\" content=\"Les Papys Pr\u00e9cieux font vibrer vos vendredis : d\u00e9couvrez tous les concerts \u00e0 venir ! -\" \/>\n<meta property=\"og:description\" content=\"Chez&nbsp;Les Papys Pr\u00e9cieux, la musique live s\u2019invite \u00e0 votre table et transforme chaque vendredi en v\u00e9ritable parenth\u00e8se festive et conviviale. Nous sommes heureux de vous d\u00e9voiler la programmation des prochaines dates \u00e0 ne pas manquer : Vendredi 6 mars | Soir\u00e9e DJ | Entr\u00e9e payanteUne ambiance plus rythm\u00e9e pour lancer [&hellip;]\" \/>\n<meta property=\"og:url\" content=\"https:\/\/lespapysprecieux.com\/index.php\/2026\/02\/25\/les-papys-precieux-font-vibrer-vos-vendredis-decouvrez-tous-les-concerts-a-venir\/\" \/>\n<meta property=\"article:publisher\" content=\"https:\/\/www.facebook.com\/profile.php?id=61575708312964\" \/>\n<meta property=\"article:published_time\" content=\"2026-02-25T12:44:38+00:00\" \/>\n<meta property=\"article:modified_time\" content=\"2026-02-25T12:47:22+00:00\" \/>\n<meta name=\"author\" content=\"La Gazette des Papys\" \/>\n<meta name=\"twitter:card\" content=\"summary_large_image\" \/>\n<meta name=\"twitter:label1\" content=\"\u00c9crit par\" \/>\n\t<meta name=\"twitter:data1\" content=\"La Gazette des Papys\" \/>\n\t<meta name=\"twitter:label2\" content=\"Dur\u00e9e de lecture estim\u00e9e\" \/>\n\t<meta name=\"twitter:data2\" content=\"2 minutes\" \/>\n<script type=\"application\/ld+json\" class=\"yoast-schema-graph\">{\"@context\":\"https:\\\/\\\/schema.org\",\"@graph\":[{\"@type\":\"Article\",\"@id\":\"https:\\\/\\\/lespapysprecieux.com\\\/index.php\\\/2026\\\/02\\\/25\\\/les-papys-precieux-font-vibrer-vos-vendredis-decouvrez-tous-les-concerts-a-venir\\\/#article\",\"isPartOf\":{\"@id\":\"https:\\\/\\\/lespapysprecieux.com\\\/index.php\\\/2026\\\/02\\\/25\\\/les-papys-precieux-font-vibrer-vos-vendredis-decouvrez-tous-les-concerts-a-venir\\\/\"},\"author\":{\"name\":\"La Gazette des Papys\",\"@id\":\"https:\\\/\\\/lespapysprecieux.com\\\/#\\\/schema\\\/person\\\/15f132518df847eb422611a9ff11108a\"},\"headline\":\"Les Papys Pr\u00e9cieux font vibrer vos vendredis : d\u00e9couvrez tous les concerts \u00e0 venir !\",\"datePublished\":\"2026-02-25T12:44:38+00:00\",\"dateModified\":\"2026-02-25T12:47:22+00:00\",\"mainEntityOfPage\":{\"@id\":\"https:\\\/\\\/lespapysprecieux.com\\\/index.php\\\/2026\\\/02\\\/25\\\/les-papys-precieux-font-vibrer-vos-vendredis-decouvrez-tous-les-concerts-a-venir\\\/\"},\"wordCount\":269,\"commentCount\":0,\"publisher\":{\"@id\":\"https:\\\/\\\/lespapysprecieux.com\\\/#organization\"},\"articleSection\":[\"Les papys racontent !\"],\"inLanguage\":\"fr-FR\",\"potentialAction\":[{\"@type\":\"CommentAction\",\"name\":\"Comment\",\"target\":[\"https:\\\/\\\/lespapysprecieux.com\\\/index.php\\\/2026\\\/02\\\/25\\\/les-papys-precieux-font-vibrer-vos-vendredis-decouvrez-tous-les-concerts-a-venir\\\/#respond\"]}]},{\"@type\":\"WebPage\",\"@id\":\"https:\\\/\\\/lespapysprecieux.com\\\/index.php\\\/2026\\\/02\\\/25\\\/les-papys-precieux-font-vibrer-vos-vendredis-decouvrez-tous-les-concerts-a-venir\\\/\",\"url\":\"https:\\\/\\\/lespapysprecieux.com\\\/index.php\\\/2026\\\/02\\\/25\\\/les-papys-precieux-font-vibrer-vos-vendredis-decouvrez-tous-les-concerts-a-venir\\\/\",\"name\":\"Les Papys Pr\u00e9cieux font vibrer vos vendredis : d\u00e9couvrez tous les concerts \u00e0 venir ! -\",\"isPartOf\":{\"@id\":\"https:\\\/\\\/lespapysprecieux.com\\\/#website\"},\"datePublished\":\"2026-02-25T12:44:38+00:00\",\"dateModified\":\"2026-02-25T12:47:22+00:00\",\"breadcrumb\":{\"@id\":\"https:\\\/\\\/lespapysprecieux.com\\\/index.php\\\/2026\\\/02\\\/25\\\/les-papys-precieux-font-vibrer-vos-vendredis-decouvrez-tous-les-concerts-a-venir\\\/#breadcrumb\"},\"inLanguage\":\"fr-FR\",\"potentialAction\":[{\"@type\":\"ReadAction\",\"target\":[\"https:\\\/\\\/lespapysprecieux.com\\\/index.php\\\/2026\\\/02\\\/25\\\/les-papys-precieux-font-vibrer-vos-vendredis-decouvrez-tous-les-concerts-a-venir\\\/\"]}]},{\"@type\":\"BreadcrumbList\",\"@id\":\"https:\\\/\\\/lespapysprecieux.com\\\/index.php\\\/2026\\\/02\\\/25\\\/les-papys-precieux-font-vibrer-vos-vendredis-decouvrez-tous-les-concerts-a-venir\\\/#breadcrumb\",\"itemListElement\":[{\"@type\":\"ListItem\",\"position\":1,\"name\":\"Accueil\",\"item\":\"https:\\\/\\\/lespapysprecieux.com\\\/\"},{\"@type\":\"ListItem\",\"position\":2,\"name\":\"Les Papys Pr\u00e9cieux font vibrer vos vendredis : d\u00e9couvrez tous les concerts \u00e0 venir !\"}]},{\"@type\":\"WebSite\",\"@id\":\"https:\\\/\\\/lespapysprecieux.com\\\/#website\",\"url\":\"https:\\\/\\\/lespapysprecieux.com\\\/\",\"name\":\"Les Papys Pr\u00e9cieux\",\"description\":\"Une table sinc\u00e8re, un lieu vivant\",\"publisher\":{\"@id\":\"https:\\\/\\\/lespapysprecieux.com\\\/#organization\"},\"potentialAction\":[{\"@type\":\"SearchAction\",\"target\":{\"@type\":\"EntryPoint\",\"urlTemplate\":\"https:\\\/\\\/lespapysprecieux.com\\\/?s={search_term_string}\"},\"query-input\":{\"@type\":\"PropertyValueSpecification\",\"valueRequired\":true,\"valueName\":\"search_term_string\"}}],\"inLanguage\":\"fr-FR\"},{\"@type\":\"Organization\",\"@id\":\"https:\\\/\\\/lespapysprecieux.com\\\/#organization\",\"name\":\"Les Papys Pr\u00e9cieux\",\"url\":\"https:\\\/\\\/lespapysprecieux.com\\\/\",\"logo\":{\"@type\":\"ImageObject\",\"inLanguage\":\"fr-FR\",\"@id\":\"https:\\\/\\\/lespapysprecieux.com\\\/#\\\/schema\\\/logo\\\/image\\\/\",\"url\":\"https:\\\/\\\/lespapysprecieux.com\\\/wp-content\\\/uploads\\\/2026\\\/01\\\/cropped-logo-icone-site.png\",\"contentUrl\":\"https:\\\/\\\/lespapysprecieux.com\\\/wp-content\\\/uploads\\\/2026\\\/01\\\/cropped-logo-icone-site.png\",\"width\":512,\"height\":512,\"caption\":\"Les Papys Pr\u00e9cieux\"},\"image\":{\"@id\":\"https:\\\/\\\/lespapysprecieux.com\\\/#\\\/schema\\\/logo\\\/image\\\/\"},\"sameAs\":[\"https:\\\/\\\/www.facebook.com\\\/profile.php?id=61575708312964\",\"https:\\\/\\\/www.instagram.com\\\/lespapysprecieux\\\/\"]},{\"@type\":\"Person\",\"@id\":\"https:\\\/\\\/lespapysprecieux.com\\\/#\\\/schema\\\/person\\\/15f132518df847eb422611a9ff11108a\",\"name\":\"La Gazette des Papys\",\"image\":{\"@type\":\"ImageObject\",\"inLanguage\":\"fr-FR\",\"@id\":\"https:\\\/\\\/secure.gravatar.com\\\/avatar\\\/f6814edecdfb0a9e6d3a2c9abd82feee95cf0920cdeefff6358e094235bcdba2?s=96&d=mm&r=g\",\"url\":\"https:\\\/\\\/secure.gravatar.com\\\/avatar\\\/f6814edecdfb0a9e6d3a2c9abd82feee95cf0920cdeefff6358e094235bcdba2?s=96&d=mm&r=g\",\"contentUrl\":\"https:\\\/\\\/secure.gravatar.com\\\/avatar\\\/f6814edecdfb0a9e6d3a2c9abd82feee95cf0920cdeefff6358e094235bcdba2?s=96&d=mm&r=g\",\"caption\":\"La Gazette des Papys\"},\"sameAs\":[\"http:\\\/\\\/lespapysprecieux.com\"],\"url\":\"https:\\\/\\\/lespapysprecieux.com\\\/index.php\\\/author\\\/admin3611\\\/\"}]}<\/script>\n<!-- \/ Yoast SEO plugin. -->","yoast_head_json":{"title":"Les Papys Pr\u00e9cieux font vibrer vos vendredis : d\u00e9couvrez tous les concerts \u00e0 venir ! -","robots":{"index":"index","follow":"follow","max-snippet":"max-snippet:-1","max-image-preview":"max-image-preview:large","max-video-preview":"max-video-preview:-1"},"canonical":"https:\/\/lespapysprecieux.com\/index.php\/2026\/02\/25\/les-papys-precieux-font-vibrer-vos-vendredis-decouvrez-tous-les-concerts-a-venir\/","og_locale":"fr_FR","og_type":"article","og_title":"Les Papys Pr\u00e9cieux font vibrer vos vendredis : d\u00e9couvrez tous les concerts \u00e0 venir ! -","og_description":"Chez&nbsp;Les Papys Pr\u00e9cieux, la musique live s\u2019invite \u00e0 votre table et transforme chaque vendredi en v\u00e9ritable parenth\u00e8se festive et conviviale. Nous sommes heureux de vous d\u00e9voiler la programmation des prochaines dates \u00e0 ne pas manquer : Vendredi 6 mars | Soir\u00e9e DJ | Entr\u00e9e payanteUne ambiance plus rythm\u00e9e pour lancer [&hellip;]","og_url":"https:\/\/lespapysprecieux.com\/index.php\/2026\/02\/25\/les-papys-precieux-font-vibrer-vos-vendredis-decouvrez-tous-les-concerts-a-venir\/","article_publisher":"https:\/\/www.facebook.com\/profile.php?id=61575708312964","article_published_time":"2026-02-25T12:44:38+00:00","article_modified_time":"2026-02-25T12:47:22+00:00","author":"La Gazette des Papys","twitter_card":"summary_large_image","twitter_misc":{"\u00c9crit par":"La Gazette des Papys","Dur\u00e9e de lecture estim\u00e9e":"2 minutes"},"schema":{"@context":"https:\/\/schema.org","@graph":[{"@type":"Article","@id":"https:\/\/lespapysprecieux.com\/index.php\/2026\/02\/25\/les-papys-precieux-font-vibrer-vos-vendredis-decouvrez-tous-les-concerts-a-venir\/#article","isPartOf":{"@id":"https:\/\/lespapysprecieux.com\/index.php\/2026\/02\/25\/les-papys-precieux-font-vibrer-vos-vendredis-decouvrez-tous-les-concerts-a-venir\/"},"author":{"name":"La Gazette des Papys","@id":"https:\/\/lespapysprecieux.com\/#\/schema\/person\/15f132518df847eb422611a9ff11108a"},"headline":"Les Papys Pr\u00e9cieux font vibrer vos vendredis : d\u00e9couvrez tous les concerts \u00e0 venir !","datePublished":"2026-02-25T12:44:38+00:00","dateModified":"2026-02-25T12:47:22+00:00","mainEntityOfPage":{"@id":"https:\/\/lespapysprecieux.com\/index.php\/2026\/02\/25\/les-papys-precieux-font-vibrer-vos-vendredis-decouvrez-tous-les-concerts-a-venir\/"},"wordCount":269,"commentCount":0,"publisher":{"@id":"https:\/\/lespapysprecieux.com\/#organization"},"articleSection":["Les papys racontent !"],"inLanguage":"fr-FR","potentialAction":[{"@type":"CommentAction","name":"Comment","target":["https:\/\/lespapysprecieux.com\/index.php\/2026\/02\/25\/les-papys-precieux-font-vibrer-vos-vendredis-decouvrez-tous-les-concerts-a-venir\/#respond"]}]},{"@type":"WebPage","@id":"https:\/\/lespapysprecieux.com\/index.php\/2026\/02\/25\/les-papys-precieux-font-vibrer-vos-vendredis-decouvrez-tous-les-concerts-a-venir\/","url":"https:\/\/lespapysprecieux.com\/index.php\/2026\/02\/25\/les-papys-precieux-font-vibrer-vos-vendredis-decouvrez-tous-les-concerts-a-venir\/","name":"Les Papys Pr\u00e9cieux font vibrer vos vendredis : d\u00e9couvrez tous les concerts \u00e0 venir ! -","isPartOf":{"@id":"https:\/\/lespapysprecieux.com\/#website"},"datePublished":"2026-02-25T12:44:38+00:00","dateModified":"2026-02-25T12:47:22+00:00","breadcrumb":{"@id":"https:\/\/lespapysprecieux.com\/index.php\/2026\/02\/25\/les-papys-precieux-font-vibrer-vos-vendredis-decouvrez-tous-les-concerts-a-venir\/#breadcrumb"},"inLanguage":"fr-FR","potentialAction":[{"@type":"ReadAction","target":["https:\/\/lespapysprecieux.com\/index.php\/2026\/02\/25\/les-papys-precieux-font-vibrer-vos-vendredis-decouvrez-tous-les-concerts-a-venir\/"]}]},{"@type":"BreadcrumbList","@id":"https:\/\/lespapysprecieux.com\/index.php\/2026\/02\/25\/les-papys-precieux-font-vibrer-vos-vendredis-decouvrez-tous-les-concerts-a-venir\/#breadcrumb","itemListElement":[{"@type":"ListItem","position":1,"name":"Accueil","item":"https:\/\/lespapysprecieux.com\/"},{"@type":"ListItem","position":2,"name":"Les Papys Pr\u00e9cieux font vibrer vos vendredis : d\u00e9couvrez tous les concerts \u00e0 venir !"}]},{"@type":"WebSite","@id":"https:\/\/lespapysprecieux.com\/#website","url":"https:\/\/lespapysprecieux.com\/","name":"Les Papys Pr\u00e9cieux","description":"Une table sinc\u00e8re, un lieu vivant","publisher":{"@id":"https:\/\/lespapysprecieux.com\/#organization"},"potentialAction":[{"@type":"SearchAction","target":{"@type":"EntryPoint","urlTemplate":"https:\/\/lespapysprecieux.com\/?s={search_term_string}"},"query-input":{"@type":"PropertyValueSpecification","valueRequired":true,"valueName":"search_term_string"}}],"inLanguage":"fr-FR"},{"@type":"Organization","@id":"https:\/\/lespapysprecieux.com\/#organization","name":"Les Papys Pr\u00e9cieux","url":"https:\/\/lespapysprecieux.com\/","logo":{"@type":"ImageObject","inLanguage":"fr-FR","@id":"https:\/\/lespapysprecieux.com\/#\/schema\/logo\/image\/","url":"https:\/\/lespapysprecieux.com\/wp-content\/uploads\/2026\/01\/cropped-logo-icone-site.png","contentUrl":"https:\/\/lespapysprecieux.com\/wp-content\/uploads\/2026\/01\/cropped-logo-icone-site.png","width":512,"height":512,"caption":"Les Papys Pr\u00e9cieux"},"image":{"@id":"https:\/\/lespapysprecieux.com\/#\/schema\/logo\/image\/"},"sameAs":["https:\/\/www.facebook.com\/profile.php?id=61575708312964","https:\/\/www.instagram.com\/lespapysprecieux\/"]},{"@type":"Person","@id":"https:\/\/lespapysprecieux.com\/#\/schema\/person\/15f132518df847eb422611a9ff11108a","name":"La Gazette des Papys","image":{"@type":"ImageObject","inLanguage":"fr-FR","@id":"https:\/\/secure.gravatar.com\/avatar\/f6814edecdfb0a9e6d3a2c9abd82feee95cf0920cdeefff6358e094235bcdba2?s=96&d=mm&r=g","url":"https:\/\/secure.gravatar.com\/avatar\/f6814edecdfb0a9e6d3a2c9abd82feee95cf0920cdeefff6358e094235bcdba2?s=96&d=mm&r=g","contentUrl":"https:\/\/secure.gravatar.com\/avatar\/f6814edecdfb0a9e6d3a2c9abd82feee95cf0920cdeefff6358e094235bcdba2?s=96&d=mm&r=g","caption":"La Gazette des Papys"},"sameAs":["http:\/\/lespapysprecieux.com"],"url":"https:\/\/lespapysprecieux.com\/index.php\/author\/admin3611\/"}]}},"_links":{"self":[{"href":"https:\/\/lespapysprecieux.com\/index.php\/wp-json\/wp\/v2\/posts\/1107","targetHints":{"allow":["GET"]}}],"collection":[{"href":"https:\/\/lespapysprecieux.com\/index.php\/wp-json\/wp\/v2\/posts"}],"about":[{"href":"https:\/\/lespapysprecieux.com\/index.php\/wp-json\/wp\/v2\/types\/post"}],"author":[{"embeddable":true,"href":"https:\/\/lespapysprecieux.com\/index.php\/wp-json\/wp\/v2\/users\/1"}],"replies":[{"embeddable":true,"href":"https:\/\/lespapysprecieux.com\/index.php\/wp-json\/wp\/v2\/comments?post=1107"}],"version-history":[{"count":1,"href":"https:\/\/lespapysprecieux.com\/index.php\/wp-json\/wp\/v2\/posts\/1107\/revisions"}],"predecessor-version":[{"id":1108,"href":"https:\/\/lespapysprecieux.com\/index.php\/wp-json\/wp\/v2\/posts\/1107\/revisions\/1108"}],"wp:attachment":[{"href":"https:\/\/lespapysprecieux.com\/index.php\/wp-json\/wp\/v2\/media?parent=1107"}],"wp:term":[{"taxonomy":"category","embeddable":true,"href":"https:\/\/lespapysprecieux.com\/index.php\/wp-json\/wp\/v2\/categories?post=1107"},{"taxonomy":"post_tag","embeddable":true,"href":"https:\/\/lespapysprecieux.com\/index.php\/wp-json\/wp\/v2\/tags?post=1107"}],"curies":[{"name":"wp","href":"https:\/\/api.w.org\/{rel}","templated":true}]}}