{"id":1130,"date":"2026-03-06T10:19:35","date_gmt":"2026-03-06T09:19:35","guid":{"rendered":"https:\/\/lespapysprecieux.com\/?p=1130"},"modified":"2026-03-16T17:24:03","modified_gmt":"2026-03-16T16:24:03","slug":"laurent-febvay-est-de-passage-chez-les-papys","status":"publish","type":"post","link":"https:\/\/lespapysprecieux.com\/index.php\/2026\/03\/06\/laurent-febvay-est-de-passage-chez-les-papys\/","title":{"rendered":"Laurent Febvay en tourn\u00e9e : une date exceptionnelle chez Les Papys Pr\u00e9cieux !"},"content":{"rendered":"\n<div class=\"wp-block-media-text alignwide has-media-on-the-right is-stacked-on-mobile is-vertically-aligned-center\"><div class=\"wp-block-media-text__content\">\n<p>Le spectacle vivant s\u2019invite chez <strong>Les Papys Pr\u00e9cieux<\/strong> avec un invit\u00e9 de marque : <strong>Laurent Febvay<\/strong>, qui fera escale dans notre \u00e9tablissement dans le cadre de la tourn\u00e9e de son spectacle <em>\u00ab L\u2019odeur du basilic \u00bb<\/em>. Une occasion rare de d\u00e9couvrir sur sc\u00e8ne un artiste au regard sensible et plein d\u2019humour.<\/p>\n\n\n\n<p>Avec <em>\u00ab L\u2019odeur du basilic \u00bb<\/em>, Laurent Febvay propose un spectacle \u00e0 la fois dr\u00f4le, touchant et profond\u00e9ment humain. \u00c0 travers ses histoires et ses observations du quotidien, il entra\u00eene le public dans un univers o\u00f9 se m\u00ealent souvenirs, \u00e9motions et \u00e9clats de rire. Un moment de partage authentique qui promet de s\u00e9duire toutes les g\u00e9n\u00e9rations.<\/p>\n\n\n\n<p>Pour c\u00e9l\u00e9brer cet \u00e9v\u00e9nement et permettre au plus grand nombre d\u2019en profiter, <strong>Les Papys Pr\u00e9cieux proposent un tarif exceptionnel : la place est propos\u00e9e \u00e0 seulement 10 \u20ac<\/strong>. Une offre tr\u00e8s sp\u00e9ciale pour cette date unique, qui rend ce spectacle accessible \u00e0 tous.<\/p>\n\n\n\n<p>Que vous soyez amateur de th\u00e9\u00e2tre, de stand-up ou simplement curieux de passer une soir\u00e9e conviviale, cette repr\u00e9sentation s\u2019annonce comme <strong>un moment fort de la saison culturelle<\/strong> chez Les Papys Pr\u00e9cieux.<\/p>\n\n\n\n<p>Rendez-vous jeudi 12 mars \u00e0 19h pour partager ensemble cette soir\u00e9e unique.<\/p>\n\n\n\n<div class=\"wp-block-buttons is-content-justification-center is-layout-flex wp-container-core-buttons-is-layout-a89b3969 wp-block-buttons-is-layout-flex\">\n<div class=\"wp-block-button has-custom-width wp-block-button__width-100\"><a class=\"wp-block-button__link has-medium-font-size has-custom-font-size wp-element-button\" href=\"https:\/\/yp.events\/be97def2-654d-40c1-b55c-0d13acb7ef51\/Spectacle-Humour-Laurent-Febvay-L-odeur-du-basilic-Offre-Speciale?from=page-organisateur\">R\u00c9SERVEZ VOTRE PLACE MAINTENANT !<\/a><\/div>\n<\/div>\n<\/div><figure class=\"wp-block-media-text__media\"><img loading=\"lazy\" decoding=\"async\" width=\"819\" height=\"1024\" src=\"https:\/\/lespapysprecieux.com\/wp-content\/uploads\/2026\/03\/PHOTO-2026-03-06-09-24-41-819x1024.jpg\" alt=\"\" class=\"wp-image-1131 size-full\" srcset=\"https:\/\/lespapysprecieux.com\/wp-content\/uploads\/2026\/03\/PHOTO-2026-03-06-09-24-41-819x1024.jpg 819w, https:\/\/lespapysprecieux.com\/wp-content\/uploads\/2026\/03\/PHOTO-2026-03-06-09-24-41-240x300.jpg 240w, https:\/\/lespapysprecieux.com\/wp-content\/uploads\/2026\/03\/PHOTO-2026-03-06-09-24-41-768x960.jpg 768w, https:\/\/lespapysprecieux.com\/wp-content\/uploads\/2026\/03\/PHOTO-2026-03-06-09-24-41-160x200.jpg 160w, https:\/\/lespapysprecieux.com\/wp-content\/uploads\/2026\/03\/PHOTO-2026-03-06-09-24-41.jpg 1080w\" sizes=\"auto, (max-width: 819px) 100vw, 819px\" \/><\/figure><\/div>\n\n\n\n<p><\/p>\n","protected":false},"excerpt":{"rendered":"","protected":false},"author":1,"featured_media":0,"comment_status":"open","ping_status":"open","sticky":false,"template":"","format":"standard","meta":{"footnotes":""},"categories":[10],"tags":[],"class_list":["post-1130","post","type-post","status-publish","format-standard","hentry","category-lespapysracontent"],"yoast_head":"<!-- This site is optimized with the Yoast SEO plugin v27.3 - https:\/\/yoast.com\/product\/yoast-seo-wordpress\/ -->\n<title>Laurent Febvay en tourn\u00e9e : une date exceptionnelle chez Les Papys Pr\u00e9cieux ! -<\/title>\n<meta name=\"robots\" content=\"index, follow, max-snippet:-1, max-image-preview:large, max-video-preview:-1\" \/>\n<link rel=\"canonical\" href=\"https:\/\/lespapysprecieux.com\/index.php\/2026\/03\/06\/laurent-febvay-est-de-passage-chez-les-papys\/\" \/>\n<meta property=\"og:locale\" content=\"fr_FR\" \/>\n<meta property=\"og:type\" content=\"article\" \/>\n<meta property=\"og:title\" content=\"Laurent Febvay en tourn\u00e9e : une date exceptionnelle chez Les Papys Pr\u00e9cieux ! -\" \/>\n<meta property=\"og:url\" content=\"https:\/\/lespapysprecieux.com\/index.php\/2026\/03\/06\/laurent-febvay-est-de-passage-chez-les-papys\/\" \/>\n<meta property=\"article:publisher\" content=\"https:\/\/www.facebook.com\/profile.php?id=61575708312964\" \/>\n<meta property=\"article:published_time\" content=\"2026-03-06T09:19:35+00:00\" \/>\n<meta property=\"article:modified_time\" content=\"2026-03-16T16:24:03+00:00\" \/>\n<meta property=\"og:image\" content=\"https:\/\/lespapysprecieux.com\/wp-content\/uploads\/2026\/03\/PHOTO-2026-03-06-09-24-41.jpg\" \/>\n\t<meta property=\"og:image:width\" content=\"1080\" \/>\n\t<meta property=\"og:image:height\" content=\"1350\" \/>\n\t<meta property=\"og:image:type\" content=\"image\/jpeg\" \/>\n<meta name=\"author\" content=\"La Gazette des Papys\" \/>\n<meta name=\"twitter:card\" content=\"summary_large_image\" \/>\n<meta name=\"twitter:label1\" content=\"\u00c9crit par\" \/>\n\t<meta name=\"twitter:data1\" content=\"La Gazette des Papys\" \/>\n\t<meta name=\"twitter:label2\" content=\"Dur\u00e9e de lecture estim\u00e9e\" \/>\n\t<meta name=\"twitter:data2\" content=\"2 minutes\" \/>\n<script type=\"application\/ld+json\" class=\"yoast-schema-graph\">{\"@context\":\"https:\\\/\\\/schema.org\",\"@graph\":[{\"@type\":\"Article\",\"@id\":\"https:\\\/\\\/lespapysprecieux.com\\\/index.php\\\/2026\\\/03\\\/06\\\/laurent-febvay-est-de-passage-chez-les-papys\\\/#article\",\"isPartOf\":{\"@id\":\"https:\\\/\\\/lespapysprecieux.com\\\/index.php\\\/2026\\\/03\\\/06\\\/laurent-febvay-est-de-passage-chez-les-papys\\\/\"},\"author\":{\"name\":\"La Gazette des Papys\",\"@id\":\"https:\\\/\\\/lespapysprecieux.com\\\/#\\\/schema\\\/person\\\/15f132518df847eb422611a9ff11108a\"},\"headline\":\"Laurent Febvay en tourn\u00e9e : une date exceptionnelle chez Les Papys Pr\u00e9cieux !\",\"datePublished\":\"2026-03-06T09:19:35+00:00\",\"dateModified\":\"2026-03-16T16:24:03+00:00\",\"mainEntityOfPage\":{\"@id\":\"https:\\\/\\\/lespapysprecieux.com\\\/index.php\\\/2026\\\/03\\\/06\\\/laurent-febvay-est-de-passage-chez-les-papys\\\/\"},\"wordCount\":226,\"commentCount\":0,\"publisher\":{\"@id\":\"https:\\\/\\\/lespapysprecieux.com\\\/#organization\"},\"image\":{\"@id\":\"https:\\\/\\\/lespapysprecieux.com\\\/index.php\\\/2026\\\/03\\\/06\\\/laurent-febvay-est-de-passage-chez-les-papys\\\/#primaryimage\"},\"thumbnailUrl\":\"https:\\\/\\\/lespapysprecieux.com\\\/wp-content\\\/uploads\\\/2026\\\/03\\\/PHOTO-2026-03-06-09-24-41-819x1024.jpg\",\"articleSection\":[\"Les papys racontent !\"],\"inLanguage\":\"fr-FR\",\"potentialAction\":[{\"@type\":\"CommentAction\",\"name\":\"Comment\",\"target\":[\"https:\\\/\\\/lespapysprecieux.com\\\/index.php\\\/2026\\\/03\\\/06\\\/laurent-febvay-est-de-passage-chez-les-papys\\\/#respond\"]}]},{\"@type\":\"WebPage\",\"@id\":\"https:\\\/\\\/lespapysprecieux.com\\\/index.php\\\/2026\\\/03\\\/06\\\/laurent-febvay-est-de-passage-chez-les-papys\\\/\",\"url\":\"https:\\\/\\\/lespapysprecieux.com\\\/index.php\\\/2026\\\/03\\\/06\\\/laurent-febvay-est-de-passage-chez-les-papys\\\/\",\"name\":\"Laurent Febvay en tourn\u00e9e : une date exceptionnelle chez Les Papys Pr\u00e9cieux ! -\",\"isPartOf\":{\"@id\":\"https:\\\/\\\/lespapysprecieux.com\\\/#website\"},\"primaryImageOfPage\":{\"@id\":\"https:\\\/\\\/lespapysprecieux.com\\\/index.php\\\/2026\\\/03\\\/06\\\/laurent-febvay-est-de-passage-chez-les-papys\\\/#primaryimage\"},\"image\":{\"@id\":\"https:\\\/\\\/lespapysprecieux.com\\\/index.php\\\/2026\\\/03\\\/06\\\/laurent-febvay-est-de-passage-chez-les-papys\\\/#primaryimage\"},\"thumbnailUrl\":\"https:\\\/\\\/lespapysprecieux.com\\\/wp-content\\\/uploads\\\/2026\\\/03\\\/PHOTO-2026-03-06-09-24-41-819x1024.jpg\",\"datePublished\":\"2026-03-06T09:19:35+00:00\",\"dateModified\":\"2026-03-16T16:24:03+00:00\",\"breadcrumb\":{\"@id\":\"https:\\\/\\\/lespapysprecieux.com\\\/index.php\\\/2026\\\/03\\\/06\\\/laurent-febvay-est-de-passage-chez-les-papys\\\/#breadcrumb\"},\"inLanguage\":\"fr-FR\",\"potentialAction\":[{\"@type\":\"ReadAction\",\"target\":[\"https:\\\/\\\/lespapysprecieux.com\\\/index.php\\\/2026\\\/03\\\/06\\\/laurent-febvay-est-de-passage-chez-les-papys\\\/\"]}]},{\"@type\":\"ImageObject\",\"inLanguage\":\"fr-FR\",\"@id\":\"https:\\\/\\\/lespapysprecieux.com\\\/index.php\\\/2026\\\/03\\\/06\\\/laurent-febvay-est-de-passage-chez-les-papys\\\/#primaryimage\",\"url\":\"https:\\\/\\\/lespapysprecieux.com\\\/wp-content\\\/uploads\\\/2026\\\/03\\\/PHOTO-2026-03-06-09-24-41.jpg\",\"contentUrl\":\"https:\\\/\\\/lespapysprecieux.com\\\/wp-content\\\/uploads\\\/2026\\\/03\\\/PHOTO-2026-03-06-09-24-41.jpg\",\"width\":1080,\"height\":1350},{\"@type\":\"BreadcrumbList\",\"@id\":\"https:\\\/\\\/lespapysprecieux.com\\\/index.php\\\/2026\\\/03\\\/06\\\/laurent-febvay-est-de-passage-chez-les-papys\\\/#breadcrumb\",\"itemListElement\":[{\"@type\":\"ListItem\",\"position\":1,\"name\":\"Accueil\",\"item\":\"https:\\\/\\\/lespapysprecieux.com\\\/\"},{\"@type\":\"ListItem\",\"position\":2,\"name\":\"Laurent Febvay en tourn\u00e9e : une date exceptionnelle chez Les Papys Pr\u00e9cieux !\"}]},{\"@type\":\"WebSite\",\"@id\":\"https:\\\/\\\/lespapysprecieux.com\\\/#website\",\"url\":\"https:\\\/\\\/lespapysprecieux.com\\\/\",\"name\":\"Les Papys Pr\u00e9cieux\",\"description\":\"Une table sinc\u00e8re, un lieu vivant\",\"publisher\":{\"@id\":\"https:\\\/\\\/lespapysprecieux.com\\\/#organization\"},\"potentialAction\":[{\"@type\":\"SearchAction\",\"target\":{\"@type\":\"EntryPoint\",\"urlTemplate\":\"https:\\\/\\\/lespapysprecieux.com\\\/?s={search_term_string}\"},\"query-input\":{\"@type\":\"PropertyValueSpecification\",\"valueRequired\":true,\"valueName\":\"search_term_string\"}}],\"inLanguage\":\"fr-FR\"},{\"@type\":\"Organization\",\"@id\":\"https:\\\/\\\/lespapysprecieux.com\\\/#organization\",\"name\":\"Les Papys Pr\u00e9cieux\",\"url\":\"https:\\\/\\\/lespapysprecieux.com\\\/\",\"logo\":{\"@type\":\"ImageObject\",\"inLanguage\":\"fr-FR\",\"@id\":\"https:\\\/\\\/lespapysprecieux.com\\\/#\\\/schema\\\/logo\\\/image\\\/\",\"url\":\"https:\\\/\\\/lespapysprecieux.com\\\/wp-content\\\/uploads\\\/2026\\\/01\\\/cropped-logo-icone-site.png\",\"contentUrl\":\"https:\\\/\\\/lespapysprecieux.com\\\/wp-content\\\/uploads\\\/2026\\\/01\\\/cropped-logo-icone-site.png\",\"width\":512,\"height\":512,\"caption\":\"Les Papys Pr\u00e9cieux\"},\"image\":{\"@id\":\"https:\\\/\\\/lespapysprecieux.com\\\/#\\\/schema\\\/logo\\\/image\\\/\"},\"sameAs\":[\"https:\\\/\\\/www.facebook.com\\\/profile.php?id=61575708312964\",\"https:\\\/\\\/www.instagram.com\\\/lespapysprecieux\\\/\"]},{\"@type\":\"Person\",\"@id\":\"https:\\\/\\\/lespapysprecieux.com\\\/#\\\/schema\\\/person\\\/15f132518df847eb422611a9ff11108a\",\"name\":\"La Gazette des Papys\",\"image\":{\"@type\":\"ImageObject\",\"inLanguage\":\"fr-FR\",\"@id\":\"https:\\\/\\\/secure.gravatar.com\\\/avatar\\\/f6814edecdfb0a9e6d3a2c9abd82feee95cf0920cdeefff6358e094235bcdba2?s=96&d=mm&r=g\",\"url\":\"https:\\\/\\\/secure.gravatar.com\\\/avatar\\\/f6814edecdfb0a9e6d3a2c9abd82feee95cf0920cdeefff6358e094235bcdba2?s=96&d=mm&r=g\",\"contentUrl\":\"https:\\\/\\\/secure.gravatar.com\\\/avatar\\\/f6814edecdfb0a9e6d3a2c9abd82feee95cf0920cdeefff6358e094235bcdba2?s=96&d=mm&r=g\",\"caption\":\"La Gazette des Papys\"},\"sameAs\":[\"http:\\\/\\\/lespapysprecieux.com\"],\"url\":\"https:\\\/\\\/lespapysprecieux.com\\\/index.php\\\/author\\\/admin3611\\\/\"}]}<\/script>\n<!-- \/ Yoast SEO plugin. -->","yoast_head_json":{"title":"Laurent Febvay en tourn\u00e9e : une date exceptionnelle chez Les Papys Pr\u00e9cieux ! -","robots":{"index":"index","follow":"follow","max-snippet":"max-snippet:-1","max-image-preview":"max-image-preview:large","max-video-preview":"max-video-preview:-1"},"canonical":"https:\/\/lespapysprecieux.com\/index.php\/2026\/03\/06\/laurent-febvay-est-de-passage-chez-les-papys\/","og_locale":"fr_FR","og_type":"article","og_title":"Laurent Febvay en tourn\u00e9e : une date exceptionnelle chez Les Papys Pr\u00e9cieux ! -","og_url":"https:\/\/lespapysprecieux.com\/index.php\/2026\/03\/06\/laurent-febvay-est-de-passage-chez-les-papys\/","article_publisher":"https:\/\/www.facebook.com\/profile.php?id=61575708312964","article_published_time":"2026-03-06T09:19:35+00:00","article_modified_time":"2026-03-16T16:24:03+00:00","og_image":[{"width":1080,"height":1350,"url":"https:\/\/lespapysprecieux.com\/wp-content\/uploads\/2026\/03\/PHOTO-2026-03-06-09-24-41.jpg","type":"image\/jpeg"}],"author":"La Gazette des Papys","twitter_card":"summary_large_image","twitter_misc":{"\u00c9crit par":"La Gazette des Papys","Dur\u00e9e de lecture estim\u00e9e":"2 minutes"},"schema":{"@context":"https:\/\/schema.org","@graph":[{"@type":"Article","@id":"https:\/\/lespapysprecieux.com\/index.php\/2026\/03\/06\/laurent-febvay-est-de-passage-chez-les-papys\/#article","isPartOf":{"@id":"https:\/\/lespapysprecieux.com\/index.php\/2026\/03\/06\/laurent-febvay-est-de-passage-chez-les-papys\/"},"author":{"name":"La Gazette des Papys","@id":"https:\/\/lespapysprecieux.com\/#\/schema\/person\/15f132518df847eb422611a9ff11108a"},"headline":"Laurent Febvay en tourn\u00e9e : une date exceptionnelle chez Les Papys Pr\u00e9cieux !","datePublished":"2026-03-06T09:19:35+00:00","dateModified":"2026-03-16T16:24:03+00:00","mainEntityOfPage":{"@id":"https:\/\/lespapysprecieux.com\/index.php\/2026\/03\/06\/laurent-febvay-est-de-passage-chez-les-papys\/"},"wordCount":226,"commentCount":0,"publisher":{"@id":"https:\/\/lespapysprecieux.com\/#organization"},"image":{"@id":"https:\/\/lespapysprecieux.com\/index.php\/2026\/03\/06\/laurent-febvay-est-de-passage-chez-les-papys\/#primaryimage"},"thumbnailUrl":"https:\/\/lespapysprecieux.com\/wp-content\/uploads\/2026\/03\/PHOTO-2026-03-06-09-24-41-819x1024.jpg","articleSection":["Les papys racontent !"],"inLanguage":"fr-FR","potentialAction":[{"@type":"CommentAction","name":"Comment","target":["https:\/\/lespapysprecieux.com\/index.php\/2026\/03\/06\/laurent-febvay-est-de-passage-chez-les-papys\/#respond"]}]},{"@type":"WebPage","@id":"https:\/\/lespapysprecieux.com\/index.php\/2026\/03\/06\/laurent-febvay-est-de-passage-chez-les-papys\/","url":"https:\/\/lespapysprecieux.com\/index.php\/2026\/03\/06\/laurent-febvay-est-de-passage-chez-les-papys\/","name":"Laurent Febvay en tourn\u00e9e : une date exceptionnelle chez Les Papys Pr\u00e9cieux ! -","isPartOf":{"@id":"https:\/\/lespapysprecieux.com\/#website"},"primaryImageOfPage":{"@id":"https:\/\/lespapysprecieux.com\/index.php\/2026\/03\/06\/laurent-febvay-est-de-passage-chez-les-papys\/#primaryimage"},"image":{"@id":"https:\/\/lespapysprecieux.com\/index.php\/2026\/03\/06\/laurent-febvay-est-de-passage-chez-les-papys\/#primaryimage"},"thumbnailUrl":"https:\/\/lespapysprecieux.com\/wp-content\/uploads\/2026\/03\/PHOTO-2026-03-06-09-24-41-819x1024.jpg","datePublished":"2026-03-06T09:19:35+00:00","dateModified":"2026-03-16T16:24:03+00:00","breadcrumb":{"@id":"https:\/\/lespapysprecieux.com\/index.php\/2026\/03\/06\/laurent-febvay-est-de-passage-chez-les-papys\/#breadcrumb"},"inLanguage":"fr-FR","potentialAction":[{"@type":"ReadAction","target":["https:\/\/lespapysprecieux.com\/index.php\/2026\/03\/06\/laurent-febvay-est-de-passage-chez-les-papys\/"]}]},{"@type":"ImageObject","inLanguage":"fr-FR","@id":"https:\/\/lespapysprecieux.com\/index.php\/2026\/03\/06\/laurent-febvay-est-de-passage-chez-les-papys\/#primaryimage","url":"https:\/\/lespapysprecieux.com\/wp-content\/uploads\/2026\/03\/PHOTO-2026-03-06-09-24-41.jpg","contentUrl":"https:\/\/lespapysprecieux.com\/wp-content\/uploads\/2026\/03\/PHOTO-2026-03-06-09-24-41.jpg","width":1080,"height":1350},{"@type":"BreadcrumbList","@id":"https:\/\/lespapysprecieux.com\/index.php\/2026\/03\/06\/laurent-febvay-est-de-passage-chez-les-papys\/#breadcrumb","itemListElement":[{"@type":"ListItem","position":1,"name":"Accueil","item":"https:\/\/lespapysprecieux.com\/"},{"@type":"ListItem","position":2,"name":"Laurent Febvay en tourn\u00e9e : une date exceptionnelle chez Les Papys Pr\u00e9cieux !"}]},{"@type":"WebSite","@id":"https:\/\/lespapysprecieux.com\/#website","url":"https:\/\/lespapysprecieux.com\/","name":"Les Papys Pr\u00e9cieux","description":"Une table sinc\u00e8re, un lieu vivant","publisher":{"@id":"https:\/\/lespapysprecieux.com\/#organization"},"potentialAction":[{"@type":"SearchAction","target":{"@type":"EntryPoint","urlTemplate":"https:\/\/lespapysprecieux.com\/?s={search_term_string}"},"query-input":{"@type":"PropertyValueSpecification","valueRequired":true,"valueName":"search_term_string"}}],"inLanguage":"fr-FR"},{"@type":"Organization","@id":"https:\/\/lespapysprecieux.com\/#organization","name":"Les Papys Pr\u00e9cieux","url":"https:\/\/lespapysprecieux.com\/","logo":{"@type":"ImageObject","inLanguage":"fr-FR","@id":"https:\/\/lespapysprecieux.com\/#\/schema\/logo\/image\/","url":"https:\/\/lespapysprecieux.com\/wp-content\/uploads\/2026\/01\/cropped-logo-icone-site.png","contentUrl":"https:\/\/lespapysprecieux.com\/wp-content\/uploads\/2026\/01\/cropped-logo-icone-site.png","width":512,"height":512,"caption":"Les Papys Pr\u00e9cieux"},"image":{"@id":"https:\/\/lespapysprecieux.com\/#\/schema\/logo\/image\/"},"sameAs":["https:\/\/www.facebook.com\/profile.php?id=61575708312964","https:\/\/www.instagram.com\/lespapysprecieux\/"]},{"@type":"Person","@id":"https:\/\/lespapysprecieux.com\/#\/schema\/person\/15f132518df847eb422611a9ff11108a","name":"La Gazette des Papys","image":{"@type":"ImageObject","inLanguage":"fr-FR","@id":"https:\/\/secure.gravatar.com\/avatar\/f6814edecdfb0a9e6d3a2c9abd82feee95cf0920cdeefff6358e094235bcdba2?s=96&d=mm&r=g","url":"https:\/\/secure.gravatar.com\/avatar\/f6814edecdfb0a9e6d3a2c9abd82feee95cf0920cdeefff6358e094235bcdba2?s=96&d=mm&r=g","contentUrl":"https:\/\/secure.gravatar.com\/avatar\/f6814edecdfb0a9e6d3a2c9abd82feee95cf0920cdeefff6358e094235bcdba2?s=96&d=mm&r=g","caption":"La Gazette des Papys"},"sameAs":["http:\/\/lespapysprecieux.com"],"url":"https:\/\/lespapysprecieux.com\/index.php\/author\/admin3611\/"}]}},"_links":{"self":[{"href":"https:\/\/lespapysprecieux.com\/index.php\/wp-json\/wp\/v2\/posts\/1130","targetHints":{"allow":["GET"]}}],"collection":[{"href":"https:\/\/lespapysprecieux.com\/index.php\/wp-json\/wp\/v2\/posts"}],"about":[{"href":"https:\/\/lespapysprecieux.com\/index.php\/wp-json\/wp\/v2\/types\/post"}],"author":[{"embeddable":true,"href":"https:\/\/lespapysprecieux.com\/index.php\/wp-json\/wp\/v2\/users\/1"}],"replies":[{"embeddable":true,"href":"https:\/\/lespapysprecieux.com\/index.php\/wp-json\/wp\/v2\/comments?post=1130"}],"version-history":[{"count":5,"href":"https:\/\/lespapysprecieux.com\/index.php\/wp-json\/wp\/v2\/posts\/1130\/revisions"}],"predecessor-version":[{"id":1139,"href":"https:\/\/lespapysprecieux.com\/index.php\/wp-json\/wp\/v2\/posts\/1130\/revisions\/1139"}],"wp:attachment":[{"href":"https:\/\/lespapysprecieux.com\/index.php\/wp-json\/wp\/v2\/media?parent=1130"}],"wp:term":[{"taxonomy":"category","embeddable":true,"href":"https:\/\/lespapysprecieux.com\/index.php\/wp-json\/wp\/v2\/categories?post=1130"},{"taxonomy":"post_tag","embeddable":true,"href":"https:\/\/lespapysprecieux.com\/index.php\/wp-json\/wp\/v2\/tags?post=1130"}],"curies":[{"name":"wp","href":"https:\/\/api.w.org\/{rel}","templated":true}]}}