{"id":281,"date":"2026-01-15T12:45:43","date_gmt":"2026-01-15T11:45:43","guid":{"rendered":"https:\/\/lespapysprecieux.com\/?p=281"},"modified":"2026-02-08T11:21:04","modified_gmt":"2026-02-08T10:21:04","slug":"stand-up-karaoke-ou-mario-kart-sur-ecran-geant-nouvelle-saison-pour-les-papys-precieux-a-saint-avertin","status":"publish","type":"post","link":"https:\/\/lespapysprecieux.com\/index.php\/2026\/01\/15\/stand-up-karaoke-ou-mario-kart-sur-ecran-geant-nouvelle-saison-pour-les-papys-precieux-a-saint-avertin\/","title":{"rendered":"Stand up, karaok\u00e9, ou Mario Kart sur \u00e9cran g\u00e9ant : nouvelle saison pour Les Papys Pr\u00e9cieux \u00e0 Saint-Avertin"},"content":{"rendered":"\n<div class=\"wp-block-media-text is-stacked-on-mobile is-vertically-aligned-top\" style=\"grid-template-columns:31% auto\"><figure class=\"wp-block-media-text__media\"><a href=\"https:\/\/info-tours.fr\/toursagglo\/2025\/09\/04\/stand-up-karaoke-ou-mario-kart-sur-ecran-geant-nouvelle-saison-pour-les-papys-precieux-a-saint-avertin\/\"><img loading=\"lazy\" decoding=\"async\" width=\"657\" height=\"1024\" src=\"https:\/\/lespapysprecieux.com\/wp-content\/uploads\/2026\/01\/IMG_4806-2-657x1024.png\" alt=\"\" class=\"wp-image-282 size-full\" srcset=\"https:\/\/lespapysprecieux.com\/wp-content\/uploads\/2026\/01\/IMG_4806-2-657x1024.png 657w, https:\/\/lespapysprecieux.com\/wp-content\/uploads\/2026\/01\/IMG_4806-2-scaled-600x935.png 600w, https:\/\/lespapysprecieux.com\/wp-content\/uploads\/2026\/01\/IMG_4806-2-193x300.png 193w, https:\/\/lespapysprecieux.com\/wp-content\/uploads\/2026\/01\/IMG_4806-2-768x1197.png 768w, https:\/\/lespapysprecieux.com\/wp-content\/uploads\/2026\/01\/IMG_4806-2-986x1536.png 986w, https:\/\/lespapysprecieux.com\/wp-content\/uploads\/2026\/01\/IMG_4806-2-1314x2048.png 1314w, https:\/\/lespapysprecieux.com\/wp-content\/uploads\/2026\/01\/IMG_4806-2-scaled.png 1643w\" sizes=\"auto, (max-width: 657px) 100vw, 657px\" \/><\/a><\/figure><div class=\"wp-block-media-text__content\">\n<p>Allez jeter un coup d&rsquo;oeil \u00e0 <strong><a href=\"https:\/\/info-tours.fr\/toursagglo\/2025\/09\/04\/stand-up-karaoke-ou-mario-kart-sur-ecran-geant-nouvelle-saison-pour-les-papys-precieux-a-saint-avertin\/\" target=\"_blank\" rel=\"noreferrer noopener\">Info Tours<\/a><\/strong> !<\/p>\n<\/div><\/div>\n\n\n\n<p><\/p>\n","protected":false},"excerpt":{"rendered":"<p>Allez jeter un coup d&rsquo;oeil \u00e0 Info Tours !<\/p>\n","protected":false},"author":1,"featured_media":0,"comment_status":"open","ping_status":"open","sticky":false,"template":"","format":"standard","meta":{"footnotes":""},"categories":[9],"tags":[],"class_list":["post-281","post","type-post","status-publish","format-standard","hentry","category-onparledenous"],"yoast_head":"<!-- This site is optimized with the Yoast SEO plugin v27.3 - https:\/\/yoast.com\/product\/yoast-seo-wordpress\/ -->\n<title>Stand up, karaok\u00e9, ou Mario Kart sur \u00e9cran g\u00e9ant : nouvelle saison pour Les Papys Pr\u00e9cieux \u00e0 Saint-Avertin -<\/title>\n<meta name=\"robots\" content=\"index, follow, max-snippet:-1, max-image-preview:large, max-video-preview:-1\" \/>\n<link rel=\"canonical\" href=\"https:\/\/lespapysprecieux.com\/index.php\/2026\/01\/15\/stand-up-karaoke-ou-mario-kart-sur-ecran-geant-nouvelle-saison-pour-les-papys-precieux-a-saint-avertin\/\" \/>\n<meta property=\"og:locale\" content=\"fr_FR\" \/>\n<meta property=\"og:type\" content=\"article\" \/>\n<meta property=\"og:title\" content=\"Stand up, karaok\u00e9, ou Mario Kart sur \u00e9cran g\u00e9ant : nouvelle saison pour Les Papys Pr\u00e9cieux \u00e0 Saint-Avertin -\" \/>\n<meta property=\"og:description\" content=\"Allez jeter un coup d&rsquo;oeil \u00e0 Info Tours !\" \/>\n<meta property=\"og:url\" content=\"https:\/\/lespapysprecieux.com\/index.php\/2026\/01\/15\/stand-up-karaoke-ou-mario-kart-sur-ecran-geant-nouvelle-saison-pour-les-papys-precieux-a-saint-avertin\/\" \/>\n<meta property=\"article:publisher\" content=\"https:\/\/www.facebook.com\/profile.php?id=61575708312964\" \/>\n<meta property=\"article:published_time\" content=\"2026-01-15T11:45:43+00:00\" \/>\n<meta property=\"article:modified_time\" content=\"2026-02-08T10:21:04+00:00\" \/>\n<meta property=\"og:image\" content=\"https:\/\/lespapysprecieux.com\/wp-content\/uploads\/2026\/01\/IMG_4806-2-657x1024.png\" \/>\n\t<meta property=\"og:image:width\" content=\"657\" \/>\n\t<meta property=\"og:image:height\" content=\"1024\" \/>\n\t<meta property=\"og:image:type\" content=\"image\/png\" \/>\n<meta name=\"author\" content=\"La Gazette des Papys\" \/>\n<meta name=\"twitter:card\" content=\"summary_large_image\" \/>\n<meta name=\"twitter:label1\" content=\"\u00c9crit par\" \/>\n\t<meta name=\"twitter:data1\" content=\"La Gazette des Papys\" \/>\n\t<meta name=\"twitter:label2\" content=\"Dur\u00e9e de lecture estim\u00e9e\" \/>\n\t<meta name=\"twitter:data2\" content=\"1 minute\" \/>\n<script type=\"application\/ld+json\" class=\"yoast-schema-graph\">{\"@context\":\"https:\\\/\\\/schema.org\",\"@graph\":[{\"@type\":\"Article\",\"@id\":\"https:\\\/\\\/lespapysprecieux.com\\\/index.php\\\/2026\\\/01\\\/15\\\/stand-up-karaoke-ou-mario-kart-sur-ecran-geant-nouvelle-saison-pour-les-papys-precieux-a-saint-avertin\\\/#article\",\"isPartOf\":{\"@id\":\"https:\\\/\\\/lespapysprecieux.com\\\/index.php\\\/2026\\\/01\\\/15\\\/stand-up-karaoke-ou-mario-kart-sur-ecran-geant-nouvelle-saison-pour-les-papys-precieux-a-saint-avertin\\\/\"},\"author\":{\"name\":\"La Gazette des Papys\",\"@id\":\"https:\\\/\\\/lespapysprecieux.com\\\/#\\\/schema\\\/person\\\/15f132518df847eb422611a9ff11108a\"},\"headline\":\"Stand up, karaok\u00e9, ou Mario Kart sur \u00e9cran g\u00e9ant : nouvelle saison pour Les Papys Pr\u00e9cieux \u00e0 Saint-Avertin\",\"datePublished\":\"2026-01-15T11:45:43+00:00\",\"dateModified\":\"2026-02-08T10:21:04+00:00\",\"mainEntityOfPage\":{\"@id\":\"https:\\\/\\\/lespapysprecieux.com\\\/index.php\\\/2026\\\/01\\\/15\\\/stand-up-karaoke-ou-mario-kart-sur-ecran-geant-nouvelle-saison-pour-les-papys-precieux-a-saint-avertin\\\/\"},\"wordCount\":25,\"commentCount\":0,\"publisher\":{\"@id\":\"https:\\\/\\\/lespapysprecieux.com\\\/#organization\"},\"image\":{\"@id\":\"https:\\\/\\\/lespapysprecieux.com\\\/index.php\\\/2026\\\/01\\\/15\\\/stand-up-karaoke-ou-mario-kart-sur-ecran-geant-nouvelle-saison-pour-les-papys-precieux-a-saint-avertin\\\/#primaryimage\"},\"thumbnailUrl\":\"https:\\\/\\\/lespapysprecieux.com\\\/wp-content\\\/uploads\\\/2026\\\/01\\\/IMG_4806-2-657x1024.png\",\"articleSection\":[\"On parle de nous !\"],\"inLanguage\":\"fr-FR\",\"potentialAction\":[{\"@type\":\"CommentAction\",\"name\":\"Comment\",\"target\":[\"https:\\\/\\\/lespapysprecieux.com\\\/index.php\\\/2026\\\/01\\\/15\\\/stand-up-karaoke-ou-mario-kart-sur-ecran-geant-nouvelle-saison-pour-les-papys-precieux-a-saint-avertin\\\/#respond\"]}]},{\"@type\":\"WebPage\",\"@id\":\"https:\\\/\\\/lespapysprecieux.com\\\/index.php\\\/2026\\\/01\\\/15\\\/stand-up-karaoke-ou-mario-kart-sur-ecran-geant-nouvelle-saison-pour-les-papys-precieux-a-saint-avertin\\\/\",\"url\":\"https:\\\/\\\/lespapysprecieux.com\\\/index.php\\\/2026\\\/01\\\/15\\\/stand-up-karaoke-ou-mario-kart-sur-ecran-geant-nouvelle-saison-pour-les-papys-precieux-a-saint-avertin\\\/\",\"name\":\"Stand up, karaok\u00e9, ou Mario Kart sur \u00e9cran g\u00e9ant : nouvelle saison pour Les Papys Pr\u00e9cieux \u00e0 Saint-Avertin -\",\"isPartOf\":{\"@id\":\"https:\\\/\\\/lespapysprecieux.com\\\/#website\"},\"primaryImageOfPage\":{\"@id\":\"https:\\\/\\\/lespapysprecieux.com\\\/index.php\\\/2026\\\/01\\\/15\\\/stand-up-karaoke-ou-mario-kart-sur-ecran-geant-nouvelle-saison-pour-les-papys-precieux-a-saint-avertin\\\/#primaryimage\"},\"image\":{\"@id\":\"https:\\\/\\\/lespapysprecieux.com\\\/index.php\\\/2026\\\/01\\\/15\\\/stand-up-karaoke-ou-mario-kart-sur-ecran-geant-nouvelle-saison-pour-les-papys-precieux-a-saint-avertin\\\/#primaryimage\"},\"thumbnailUrl\":\"https:\\\/\\\/lespapysprecieux.com\\\/wp-content\\\/uploads\\\/2026\\\/01\\\/IMG_4806-2-657x1024.png\",\"datePublished\":\"2026-01-15T11:45:43+00:00\",\"dateModified\":\"2026-02-08T10:21:04+00:00\",\"breadcrumb\":{\"@id\":\"https:\\\/\\\/lespapysprecieux.com\\\/index.php\\\/2026\\\/01\\\/15\\\/stand-up-karaoke-ou-mario-kart-sur-ecran-geant-nouvelle-saison-pour-les-papys-precieux-a-saint-avertin\\\/#breadcrumb\"},\"inLanguage\":\"fr-FR\",\"potentialAction\":[{\"@type\":\"ReadAction\",\"target\":[\"https:\\\/\\\/lespapysprecieux.com\\\/index.php\\\/2026\\\/01\\\/15\\\/stand-up-karaoke-ou-mario-kart-sur-ecran-geant-nouvelle-saison-pour-les-papys-precieux-a-saint-avertin\\\/\"]}]},{\"@type\":\"ImageObject\",\"inLanguage\":\"fr-FR\",\"@id\":\"https:\\\/\\\/lespapysprecieux.com\\\/index.php\\\/2026\\\/01\\\/15\\\/stand-up-karaoke-ou-mario-kart-sur-ecran-geant-nouvelle-saison-pour-les-papys-precieux-a-saint-avertin\\\/#primaryimage\",\"url\":\"https:\\\/\\\/lespapysprecieux.com\\\/wp-content\\\/uploads\\\/2026\\\/01\\\/IMG_4806-2-scaled.png\",\"contentUrl\":\"https:\\\/\\\/lespapysprecieux.com\\\/wp-content\\\/uploads\\\/2026\\\/01\\\/IMG_4806-2-scaled.png\",\"width\":1643,\"height\":2560},{\"@type\":\"BreadcrumbList\",\"@id\":\"https:\\\/\\\/lespapysprecieux.com\\\/index.php\\\/2026\\\/01\\\/15\\\/stand-up-karaoke-ou-mario-kart-sur-ecran-geant-nouvelle-saison-pour-les-papys-precieux-a-saint-avertin\\\/#breadcrumb\",\"itemListElement\":[{\"@type\":\"ListItem\",\"position\":1,\"name\":\"Accueil\",\"item\":\"https:\\\/\\\/lespapysprecieux.com\\\/\"},{\"@type\":\"ListItem\",\"position\":2,\"name\":\"Stand up, karaok\u00e9, ou Mario Kart sur \u00e9cran g\u00e9ant : nouvelle saison pour Les Papys Pr\u00e9cieux \u00e0 Saint-Avertin\"}]},{\"@type\":\"WebSite\",\"@id\":\"https:\\\/\\\/lespapysprecieux.com\\\/#website\",\"url\":\"https:\\\/\\\/lespapysprecieux.com\\\/\",\"name\":\"Les Papys Pr\u00e9cieux\",\"description\":\"Une table sinc\u00e8re, un lieu vivant\",\"publisher\":{\"@id\":\"https:\\\/\\\/lespapysprecieux.com\\\/#organization\"},\"potentialAction\":[{\"@type\":\"SearchAction\",\"target\":{\"@type\":\"EntryPoint\",\"urlTemplate\":\"https:\\\/\\\/lespapysprecieux.com\\\/?s={search_term_string}\"},\"query-input\":{\"@type\":\"PropertyValueSpecification\",\"valueRequired\":true,\"valueName\":\"search_term_string\"}}],\"inLanguage\":\"fr-FR\"},{\"@type\":\"Organization\",\"@id\":\"https:\\\/\\\/lespapysprecieux.com\\\/#organization\",\"name\":\"Les Papys Pr\u00e9cieux\",\"url\":\"https:\\\/\\\/lespapysprecieux.com\\\/\",\"logo\":{\"@type\":\"ImageObject\",\"inLanguage\":\"fr-FR\",\"@id\":\"https:\\\/\\\/lespapysprecieux.com\\\/#\\\/schema\\\/logo\\\/image\\\/\",\"url\":\"https:\\\/\\\/lespapysprecieux.com\\\/wp-content\\\/uploads\\\/2026\\\/01\\\/cropped-logo-icone-site.png\",\"contentUrl\":\"https:\\\/\\\/lespapysprecieux.com\\\/wp-content\\\/uploads\\\/2026\\\/01\\\/cropped-logo-icone-site.png\",\"width\":512,\"height\":512,\"caption\":\"Les Papys Pr\u00e9cieux\"},\"image\":{\"@id\":\"https:\\\/\\\/lespapysprecieux.com\\\/#\\\/schema\\\/logo\\\/image\\\/\"},\"sameAs\":[\"https:\\\/\\\/www.facebook.com\\\/profile.php?id=61575708312964\",\"https:\\\/\\\/www.instagram.com\\\/lespapysprecieux\\\/\"]},{\"@type\":\"Person\",\"@id\":\"https:\\\/\\\/lespapysprecieux.com\\\/#\\\/schema\\\/person\\\/15f132518df847eb422611a9ff11108a\",\"name\":\"La Gazette des Papys\",\"image\":{\"@type\":\"ImageObject\",\"inLanguage\":\"fr-FR\",\"@id\":\"https:\\\/\\\/secure.gravatar.com\\\/avatar\\\/f6814edecdfb0a9e6d3a2c9abd82feee95cf0920cdeefff6358e094235bcdba2?s=96&d=mm&r=g\",\"url\":\"https:\\\/\\\/secure.gravatar.com\\\/avatar\\\/f6814edecdfb0a9e6d3a2c9abd82feee95cf0920cdeefff6358e094235bcdba2?s=96&d=mm&r=g\",\"contentUrl\":\"https:\\\/\\\/secure.gravatar.com\\\/avatar\\\/f6814edecdfb0a9e6d3a2c9abd82feee95cf0920cdeefff6358e094235bcdba2?s=96&d=mm&r=g\",\"caption\":\"La Gazette des Papys\"},\"sameAs\":[\"http:\\\/\\\/lespapysprecieux.com\"],\"url\":\"https:\\\/\\\/lespapysprecieux.com\\\/index.php\\\/author\\\/admin3611\\\/\"}]}<\/script>\n<!-- \/ Yoast SEO plugin. -->","yoast_head_json":{"title":"Stand up, karaok\u00e9, ou Mario Kart sur \u00e9cran g\u00e9ant : nouvelle saison pour Les Papys Pr\u00e9cieux \u00e0 Saint-Avertin -","robots":{"index":"index","follow":"follow","max-snippet":"max-snippet:-1","max-image-preview":"max-image-preview:large","max-video-preview":"max-video-preview:-1"},"canonical":"https:\/\/lespapysprecieux.com\/index.php\/2026\/01\/15\/stand-up-karaoke-ou-mario-kart-sur-ecran-geant-nouvelle-saison-pour-les-papys-precieux-a-saint-avertin\/","og_locale":"fr_FR","og_type":"article","og_title":"Stand up, karaok\u00e9, ou Mario Kart sur \u00e9cran g\u00e9ant : nouvelle saison pour Les Papys Pr\u00e9cieux \u00e0 Saint-Avertin -","og_description":"Allez jeter un coup d&rsquo;oeil \u00e0 Info Tours !","og_url":"https:\/\/lespapysprecieux.com\/index.php\/2026\/01\/15\/stand-up-karaoke-ou-mario-kart-sur-ecran-geant-nouvelle-saison-pour-les-papys-precieux-a-saint-avertin\/","article_publisher":"https:\/\/www.facebook.com\/profile.php?id=61575708312964","article_published_time":"2026-01-15T11:45:43+00:00","article_modified_time":"2026-02-08T10:21:04+00:00","og_image":[{"width":657,"height":1024,"url":"https:\/\/lespapysprecieux.com\/wp-content\/uploads\/2026\/01\/IMG_4806-2-657x1024.png","type":"image\/png"}],"author":"La Gazette des Papys","twitter_card":"summary_large_image","twitter_misc":{"\u00c9crit par":"La Gazette des Papys","Dur\u00e9e de lecture estim\u00e9e":"1 minute"},"schema":{"@context":"https:\/\/schema.org","@graph":[{"@type":"Article","@id":"https:\/\/lespapysprecieux.com\/index.php\/2026\/01\/15\/stand-up-karaoke-ou-mario-kart-sur-ecran-geant-nouvelle-saison-pour-les-papys-precieux-a-saint-avertin\/#article","isPartOf":{"@id":"https:\/\/lespapysprecieux.com\/index.php\/2026\/01\/15\/stand-up-karaoke-ou-mario-kart-sur-ecran-geant-nouvelle-saison-pour-les-papys-precieux-a-saint-avertin\/"},"author":{"name":"La Gazette des Papys","@id":"https:\/\/lespapysprecieux.com\/#\/schema\/person\/15f132518df847eb422611a9ff11108a"},"headline":"Stand up, karaok\u00e9, ou Mario Kart sur \u00e9cran g\u00e9ant : nouvelle saison pour Les Papys Pr\u00e9cieux \u00e0 Saint-Avertin","datePublished":"2026-01-15T11:45:43+00:00","dateModified":"2026-02-08T10:21:04+00:00","mainEntityOfPage":{"@id":"https:\/\/lespapysprecieux.com\/index.php\/2026\/01\/15\/stand-up-karaoke-ou-mario-kart-sur-ecran-geant-nouvelle-saison-pour-les-papys-precieux-a-saint-avertin\/"},"wordCount":25,"commentCount":0,"publisher":{"@id":"https:\/\/lespapysprecieux.com\/#organization"},"image":{"@id":"https:\/\/lespapysprecieux.com\/index.php\/2026\/01\/15\/stand-up-karaoke-ou-mario-kart-sur-ecran-geant-nouvelle-saison-pour-les-papys-precieux-a-saint-avertin\/#primaryimage"},"thumbnailUrl":"https:\/\/lespapysprecieux.com\/wp-content\/uploads\/2026\/01\/IMG_4806-2-657x1024.png","articleSection":["On parle de nous !"],"inLanguage":"fr-FR","potentialAction":[{"@type":"CommentAction","name":"Comment","target":["https:\/\/lespapysprecieux.com\/index.php\/2026\/01\/15\/stand-up-karaoke-ou-mario-kart-sur-ecran-geant-nouvelle-saison-pour-les-papys-precieux-a-saint-avertin\/#respond"]}]},{"@type":"WebPage","@id":"https:\/\/lespapysprecieux.com\/index.php\/2026\/01\/15\/stand-up-karaoke-ou-mario-kart-sur-ecran-geant-nouvelle-saison-pour-les-papys-precieux-a-saint-avertin\/","url":"https:\/\/lespapysprecieux.com\/index.php\/2026\/01\/15\/stand-up-karaoke-ou-mario-kart-sur-ecran-geant-nouvelle-saison-pour-les-papys-precieux-a-saint-avertin\/","name":"Stand up, karaok\u00e9, ou Mario Kart sur \u00e9cran g\u00e9ant : nouvelle saison pour Les Papys Pr\u00e9cieux \u00e0 Saint-Avertin -","isPartOf":{"@id":"https:\/\/lespapysprecieux.com\/#website"},"primaryImageOfPage":{"@id":"https:\/\/lespapysprecieux.com\/index.php\/2026\/01\/15\/stand-up-karaoke-ou-mario-kart-sur-ecran-geant-nouvelle-saison-pour-les-papys-precieux-a-saint-avertin\/#primaryimage"},"image":{"@id":"https:\/\/lespapysprecieux.com\/index.php\/2026\/01\/15\/stand-up-karaoke-ou-mario-kart-sur-ecran-geant-nouvelle-saison-pour-les-papys-precieux-a-saint-avertin\/#primaryimage"},"thumbnailUrl":"https:\/\/lespapysprecieux.com\/wp-content\/uploads\/2026\/01\/IMG_4806-2-657x1024.png","datePublished":"2026-01-15T11:45:43+00:00","dateModified":"2026-02-08T10:21:04+00:00","breadcrumb":{"@id":"https:\/\/lespapysprecieux.com\/index.php\/2026\/01\/15\/stand-up-karaoke-ou-mario-kart-sur-ecran-geant-nouvelle-saison-pour-les-papys-precieux-a-saint-avertin\/#breadcrumb"},"inLanguage":"fr-FR","potentialAction":[{"@type":"ReadAction","target":["https:\/\/lespapysprecieux.com\/index.php\/2026\/01\/15\/stand-up-karaoke-ou-mario-kart-sur-ecran-geant-nouvelle-saison-pour-les-papys-precieux-a-saint-avertin\/"]}]},{"@type":"ImageObject","inLanguage":"fr-FR","@id":"https:\/\/lespapysprecieux.com\/index.php\/2026\/01\/15\/stand-up-karaoke-ou-mario-kart-sur-ecran-geant-nouvelle-saison-pour-les-papys-precieux-a-saint-avertin\/#primaryimage","url":"https:\/\/lespapysprecieux.com\/wp-content\/uploads\/2026\/01\/IMG_4806-2-scaled.png","contentUrl":"https:\/\/lespapysprecieux.com\/wp-content\/uploads\/2026\/01\/IMG_4806-2-scaled.png","width":1643,"height":2560},{"@type":"BreadcrumbList","@id":"https:\/\/lespapysprecieux.com\/index.php\/2026\/01\/15\/stand-up-karaoke-ou-mario-kart-sur-ecran-geant-nouvelle-saison-pour-les-papys-precieux-a-saint-avertin\/#breadcrumb","itemListElement":[{"@type":"ListItem","position":1,"name":"Accueil","item":"https:\/\/lespapysprecieux.com\/"},{"@type":"ListItem","position":2,"name":"Stand up, karaok\u00e9, ou Mario Kart sur \u00e9cran g\u00e9ant : nouvelle saison pour Les Papys Pr\u00e9cieux \u00e0 Saint-Avertin"}]},{"@type":"WebSite","@id":"https:\/\/lespapysprecieux.com\/#website","url":"https:\/\/lespapysprecieux.com\/","name":"Les Papys Pr\u00e9cieux","description":"Une table sinc\u00e8re, un lieu vivant","publisher":{"@id":"https:\/\/lespapysprecieux.com\/#organization"},"potentialAction":[{"@type":"SearchAction","target":{"@type":"EntryPoint","urlTemplate":"https:\/\/lespapysprecieux.com\/?s={search_term_string}"},"query-input":{"@type":"PropertyValueSpecification","valueRequired":true,"valueName":"search_term_string"}}],"inLanguage":"fr-FR"},{"@type":"Organization","@id":"https:\/\/lespapysprecieux.com\/#organization","name":"Les Papys Pr\u00e9cieux","url":"https:\/\/lespapysprecieux.com\/","logo":{"@type":"ImageObject","inLanguage":"fr-FR","@id":"https:\/\/lespapysprecieux.com\/#\/schema\/logo\/image\/","url":"https:\/\/lespapysprecieux.com\/wp-content\/uploads\/2026\/01\/cropped-logo-icone-site.png","contentUrl":"https:\/\/lespapysprecieux.com\/wp-content\/uploads\/2026\/01\/cropped-logo-icone-site.png","width":512,"height":512,"caption":"Les Papys Pr\u00e9cieux"},"image":{"@id":"https:\/\/lespapysprecieux.com\/#\/schema\/logo\/image\/"},"sameAs":["https:\/\/www.facebook.com\/profile.php?id=61575708312964","https:\/\/www.instagram.com\/lespapysprecieux\/"]},{"@type":"Person","@id":"https:\/\/lespapysprecieux.com\/#\/schema\/person\/15f132518df847eb422611a9ff11108a","name":"La Gazette des Papys","image":{"@type":"ImageObject","inLanguage":"fr-FR","@id":"https:\/\/secure.gravatar.com\/avatar\/f6814edecdfb0a9e6d3a2c9abd82feee95cf0920cdeefff6358e094235bcdba2?s=96&d=mm&r=g","url":"https:\/\/secure.gravatar.com\/avatar\/f6814edecdfb0a9e6d3a2c9abd82feee95cf0920cdeefff6358e094235bcdba2?s=96&d=mm&r=g","contentUrl":"https:\/\/secure.gravatar.com\/avatar\/f6814edecdfb0a9e6d3a2c9abd82feee95cf0920cdeefff6358e094235bcdba2?s=96&d=mm&r=g","caption":"La Gazette des Papys"},"sameAs":["http:\/\/lespapysprecieux.com"],"url":"https:\/\/lespapysprecieux.com\/index.php\/author\/admin3611\/"}]}},"_links":{"self":[{"href":"https:\/\/lespapysprecieux.com\/index.php\/wp-json\/wp\/v2\/posts\/281","targetHints":{"allow":["GET"]}}],"collection":[{"href":"https:\/\/lespapysprecieux.com\/index.php\/wp-json\/wp\/v2\/posts"}],"about":[{"href":"https:\/\/lespapysprecieux.com\/index.php\/wp-json\/wp\/v2\/types\/post"}],"author":[{"embeddable":true,"href":"https:\/\/lespapysprecieux.com\/index.php\/wp-json\/wp\/v2\/users\/1"}],"replies":[{"embeddable":true,"href":"https:\/\/lespapysprecieux.com\/index.php\/wp-json\/wp\/v2\/comments?post=281"}],"version-history":[{"count":2,"href":"https:\/\/lespapysprecieux.com\/index.php\/wp-json\/wp\/v2\/posts\/281\/revisions"}],"predecessor-version":[{"id":892,"href":"https:\/\/lespapysprecieux.com\/index.php\/wp-json\/wp\/v2\/posts\/281\/revisions\/892"}],"wp:attachment":[{"href":"https:\/\/lespapysprecieux.com\/index.php\/wp-json\/wp\/v2\/media?parent=281"}],"wp:term":[{"taxonomy":"category","embeddable":true,"href":"https:\/\/lespapysprecieux.com\/index.php\/wp-json\/wp\/v2\/categories?post=281"},{"taxonomy":"post_tag","embeddable":true,"href":"https:\/\/lespapysprecieux.com\/index.php\/wp-json\/wp\/v2\/tags?post=281"}],"curies":[{"name":"wp","href":"https:\/\/api.w.org\/{rel}","templated":true}]}}